{"id":296,"date":"2025-01-18T16:08:00","date_gmt":"2025-01-18T15:08:00","guid":{"rendered":"http:\/\/www.karate-whv.de\/wp\/?p=296"},"modified":"2025-07-07T16:12:54","modified_gmt":"2025-07-07T14:12:54","slug":"karatelehrgang-mit-pruefungen-fuer-den-schwarzen-guertel","status":"publish","type":"post","link":"http:\/\/www.karate-whv.de\/wp\/2025\/01\/18\/karatelehrgang-mit-pruefungen-fuer-den-schwarzen-guertel\/","title":{"rendered":"Karatelehrgang mit Pr\u00fcfungen f\u00fcr den schwarzen G\u00fcrtel"},"content":{"rendered":"\n<p>Zum dritten Mal innerhalb eines Jahres wurde ein Vorbereitungslehrgang f\u00fcr Farb- und Schwarzgurtpr\u00fcfungen beim WSSV durchgef\u00fchrt.<\/p>\n\n\n\n<p><br>Domingos Sousa, 8. Dan Wado Ryu, Nader Maghsoudi, 7. Dan Wado Ryu und Holger Jan\u00dfen vom heimischen Karateverein \u00fcbernahmen das Training w\u00e4hrend des Lehrganges und waren zugleich auch die Pr\u00fcfer f\u00fcr die Danpr\u00fcfungen.<\/p>\n\n\n\n<p>Inhaltlich war der Lehrgang auf die anstehenden Danpr\u00fcfungen ausgelegt, wobei auch die Karateka aus dem Farbgurtbereich zu ihrem Recht kamen. Mit den drei Trainern wurden in drei Gruppen Partner\u00fcbungen, einfache Wettkampfgeschehen und auch Kata unterrichtet.<\/p>\n\n\n\n<p>Die Pr\u00fcfungen begannen um 13:00 Uhr. Die Teilnehmer wurden in verschiedenen Stufen gepr\u00fcft. Gezeigt werden musste Kata (Formenlauf), Kumite (Kampf), und Kihon (Grundtechniken) und im AKS zus\u00e4tzlich Fallschule, Waffen (Stock von etwa 1 Meter L\u00e4nge und Gehstock) sowie Selbstverteidigung. Jede Kategorie wurde von dem oben genannten Pr\u00fcfungsgremium bewertet, die nicht nur die technischen Ausf\u00fchrungen der Techniken, sondern auch die geistige Haltung und den Kampfgeist der Teilnehmer zu beurteilen hatten. Auch das Engagement f\u00fcr den Karatesport wurde gew\u00fcrdigt.<\/p>\n\n\n\n<p>Neben der Stilrichtung Wado Ryu wurde auch eine Person im AKS zum 3. Dan gepr\u00fcft. Dies war insofern etwas Besonderes, da es die erste Danpr\u00fcfung im AKS in Deutschland war, die Holger Jan\u00dfen als AKS-Pr\u00fcfer mit Gastpr\u00fcfern abnahm.<\/p>\n\n\n\n<p>Nach Beratung des Pr\u00fcferteams konnte allen Teilnehmern die erfolgreiche Teilnahme an der Pr\u00fcfung bescheinigt werden. Das ersehnte Dan-Diplom wurde in einer feierlichen Zeremonie \u00fcberreicht und die beiden WSSV\u2018er, die zur ersten Danpr\u00fcfung angetreten waren, bekamen den schwarzen G\u00fcrtel vom Trainer*in umgebunden.<\/p>\n\n\n\n<p>Bestanden haben (v.l. stehend): Pr\u00fcfer Domingos Sousa, Pr\u00fcfer Nader Maghsoudi, Mathias Schmelzer 3. Dan AKS, zum 1. Dan Gerald Legrand (WSSV), Giuseppe De Grazia und Manfred Busch, Pr\u00fcfer Holger Jan\u00dfen, Frank Anatoli 2. Dan, Dr. Frank Mattig 4. Dan (WSSV),<br>knieend: &nbsp;Manuela Schmelzer 4. Dan, zum 1. Dan Dr. Helge-Christian Rehmann, Nina-Marie R\u00fchl und Kakhaber (Kacha) Dzebisashvili, Bruno Pereira 2. Dan, Finnja Mattig 1. Dan (WSSV)<\/p>\n","protected":false},"excerpt":{"rendered":"<p>Zum dritten Mal innerhalb eines Jahres wurde ein Vorbereitungslehrgang f\u00fcr Farb- und Schwarzgurtpr\u00fcfungen beim WSSV durchgef\u00fchrt. Domingos Sousa, 8. Dan Wado Ryu, Nader Maghsoudi, 7. Dan Wado Ryu und Holger Jan\u00dfen vom heimischen Karateverein \u00fcbernahmen das Training w\u00e4hrend des Lehrganges und waren zugleich auch die Pr\u00fcfer f\u00fcr die Danpr\u00fcfungen. Inhaltlich war der Lehrgang auf die [&hellip;]<\/p>\n","protected":false},"author":1,"featured_media":297,"comment_status":"open","ping_status":"open","sticky":false,"template":"","format":"standard","meta":{"footnotes":""},"categories":[13,10],"tags":[],"class_list":["post-296","post","type-post","status-publish","format-standard","has-post-thumbnail","hentry","category-13","category-pruefungen"],"_links":{"self":[{"href":"http:\/\/www.karate-whv.de\/wp\/wp-json\/wp\/v2\/posts\/296","targetHints":{"allow":["GET"]}}],"collection":[{"href":"http:\/\/www.karate-whv.de\/wp\/wp-json\/wp\/v2\/posts"}],"about":[{"href":"http:\/\/www.karate-whv.de\/wp\/wp-json\/wp\/v2\/types\/post"}],"author":[{"embeddable":true,"href":"http:\/\/www.karate-whv.de\/wp\/wp-json\/wp\/v2\/users\/1"}],"replies":[{"embeddable":true,"href":"http:\/\/www.karate-whv.de\/wp\/wp-json\/wp\/v2\/comments?post=296"}],"version-history":[{"count":1,"href":"http:\/\/www.karate-whv.de\/wp\/wp-json\/wp\/v2\/posts\/296\/revisions"}],"predecessor-version":[{"id":298,"href":"http:\/\/www.karate-whv.de\/wp\/wp-json\/wp\/v2\/posts\/296\/revisions\/298"}],"wp:featuredmedia":[{"embeddable":true,"href":"http:\/\/www.karate-whv.de\/wp\/wp-json\/wp\/v2\/media\/297"}],"wp:attachment":[{"href":"http:\/\/www.karate-whv.de\/wp\/wp-json\/wp\/v2\/media?parent=296"}],"wp:term":[{"taxonomy":"category","embeddable":true,"href":"http:\/\/www.karate-whv.de\/wp\/wp-json\/wp\/v2\/categories?post=296"},{"taxonomy":"post_tag","embeddable":true,"href":"http:\/\/www.karate-whv.de\/wp\/wp-json\/wp\/v2\/tags?post=296"}],"curies":[{"name":"wp","href":"https:\/\/api.w.org\/{rel}","templated":true}]}}