{"id":254,"date":"2023-10-13T13:50:00","date_gmt":"2023-10-13T11:50:00","guid":{"rendered":"http:\/\/www.karate-whv.de\/wp\/?p=254"},"modified":"2024-10-23T13:53:12","modified_gmt":"2024-10-23T11:53:12","slug":"neue-graduierungen-im-karate","status":"publish","type":"post","link":"http:\/\/www.karate-whv.de\/wp\/2023\/10\/13\/neue-graduierungen-im-karate\/","title":{"rendered":"Neue Graduierungen im Karate"},"content":{"rendered":"\n<p>Mit nur 4 Pr\u00fcflingen, daf\u00fcr aber in 3 verschiedenen Leistungsstufen, f\u00fchrte Trainerin und Pr\u00fcferin Heidi Wege Mitte September noch einmal Pr\u00fcfungen im WadoRyu-Karate durch. Allen 4 Teilnehmern konnte Heidi Wege den n\u00e4chst h\u00f6heren Kyu-Grad bescheinigen.<\/p>\n\n\n\n<p><strong>Bild v.l.:<\/strong><\/p>\n\n\n\n<p>Joel Ajjour, Andy Sprenger (beide 8. Kyu &#8211; Gelbgurt)<br>Simon Freisem (7.Kyu \u2013 Orangegurt)<br>Pr\u00fcferin Heidi Wege<br>Tom Midecke (5. Kyu &#8211; Blaugurt).<\/p>\n\n\n\n<p><\/p>\n","protected":false},"excerpt":{"rendered":"<p>Mit nur 4 Pr\u00fcflingen, daf\u00fcr aber in 3 verschiedenen Leistungsstufen, f\u00fchrte Trainerin und Pr\u00fcferin Heidi Wege Mitte September noch einmal Pr\u00fcfungen im WadoRyu-Karate durch. Allen 4 Teilnehmern konnte Heidi Wege den n\u00e4chst h\u00f6heren Kyu-Grad bescheinigen. Bild v.l.: Joel Ajjour, Andy Sprenger (beide 8. Kyu &#8211; Gelbgurt)Simon Freisem (7.Kyu \u2013 Orangegurt)Pr\u00fcferin Heidi WegeTom Midecke (5. Kyu [&hellip;]<\/p>\n","protected":false},"author":1,"featured_media":255,"comment_status":"open","ping_status":"open","sticky":false,"template":"","format":"standard","meta":{"footnotes":""},"categories":[8,10],"tags":[],"class_list":["post-254","post","type-post","status-publish","format-standard","has-post-thumbnail","hentry","category-8","category-pruefungen"],"_links":{"self":[{"href":"http:\/\/www.karate-whv.de\/wp\/wp-json\/wp\/v2\/posts\/254","targetHints":{"allow":["GET"]}}],"collection":[{"href":"http:\/\/www.karate-whv.de\/wp\/wp-json\/wp\/v2\/posts"}],"about":[{"href":"http:\/\/www.karate-whv.de\/wp\/wp-json\/wp\/v2\/types\/post"}],"author":[{"embeddable":true,"href":"http:\/\/www.karate-whv.de\/wp\/wp-json\/wp\/v2\/users\/1"}],"replies":[{"embeddable":true,"href":"http:\/\/www.karate-whv.de\/wp\/wp-json\/wp\/v2\/comments?post=254"}],"version-history":[{"count":1,"href":"http:\/\/www.karate-whv.de\/wp\/wp-json\/wp\/v2\/posts\/254\/revisions"}],"predecessor-version":[{"id":256,"href":"http:\/\/www.karate-whv.de\/wp\/wp-json\/wp\/v2\/posts\/254\/revisions\/256"}],"wp:featuredmedia":[{"embeddable":true,"href":"http:\/\/www.karate-whv.de\/wp\/wp-json\/wp\/v2\/media\/255"}],"wp:attachment":[{"href":"http:\/\/www.karate-whv.de\/wp\/wp-json\/wp\/v2\/media?parent=254"}],"wp:term":[{"taxonomy":"category","embeddable":true,"href":"http:\/\/www.karate-whv.de\/wp\/wp-json\/wp\/v2\/categories?post=254"},{"taxonomy":"post_tag","embeddable":true,"href":"http:\/\/www.karate-whv.de\/wp\/wp-json\/wp\/v2\/tags?post=254"}],"curies":[{"name":"wp","href":"https:\/\/api.w.org\/{rel}","templated":true}]}}